{"id":687,"date":"2026-01-12T13:06:25","date_gmt":"2026-01-12T12:06:25","guid":{"rendered":"https:\/\/dlatwojegodomu.com\/?p=687"},"modified":"2026-01-12T13:26:27","modified_gmt":"2026-01-12T12:26:27","slug":"kubek-idealny-jaki-wybrac-do-kawy-i-herbaty","status":"publish","type":"post","link":"https:\/\/dlatwojegodomu.com\/?p=687","title":{"rendered":"Kubek idealny \u2013 jaki wybra\u0107 do kawy i herbaty?"},"content":{"rendered":"\n<p>Cho\u0107 mo\u017ce si\u0119 wydawa\u0107 zwyczajnym przedmiotem, <a href=\"https:\/\/sklepgalicja.pl\/szukaj.html\/szukaj=kubek\"><strong>kubek to jeden z najcz\u0119\u015bciej u\u017cywanych element\u00f3w w domu<\/strong>.<\/a> Towarzyszy nam o poranku, w pracy, podczas odpoczynku i spotka\u0144 z bliskimi. Jak wi\u0119c wybra\u0107 <strong>kubek idealny<\/strong> \u2013 dopasowany do napoju, stylu \u017cycia i okazji? Podpowiadamy \ud83d\udc47<\/p>\n\n\n\n<h2 class=\"wp-block-heading\">Kubek do kawy \u2013 liczy si\u0119 komfort i forma<\/h2>\n\n\n\n<p>Czujesz, \u017ce kawa w domu nigdy nie smakuje tak dobrze, jak w kawiarni? Mo\u017ce to nie wina ziaren ani ekspresu, tylko\u2026 kubka! Tak, dobrze przeczyta\u0142e\u015b. Profesjonalni bari\u015bci wiedz\u0105, \u017ce <strong>kubek ma ogromny wp\u0142yw na aromat, smak i przyjemno\u015b\u0107 picia kawy<\/strong>. Podpowiadamy, na co zwr\u00f3ci\u0107 uwag\u0119, \u017ceby kawa w domu smakowa\u0142a jak z najlepszej kawiarni.<\/p>\n\n\n\n<h4 class=\"wp-block-heading\">Kubek do <a href=\"https:\/\/sklepgalicja.pl\/szukaj.html\/szukaj=espresso\">espresso <\/a>i kaw mlecznych nie jest taki sam<\/h4>\n\n\n\n<p>Nie ka\u017cdy kubek pasuje do ka\u017cdego napoju. Espresso najlepiej smakuje w <strong>ma\u0142ych, grubych fili\u017cankach (60\u201390ml)<\/strong>. Skupiaj\u0105 aromat i pozwalaj\u0105 kawie d\u0142u\u017cej utrzyma\u0107 temperatur\u0119.<\/p>\n\n\n\n<p>Latte i cappuccino wymagaj\u0105 <strong>wi\u0119kszych kubk\u00f3w (300\u2013400ml)<\/strong>, lekko zaokr\u0105glonych \u2013 dzi\u0119ki temu kawa \u201eoddycha\u201d, a pianka tworzy si\u0119 idealnie. Profesjonali\u015bci twierdz\u0105, \u017ce kubek mo\u017ce zmieni\u0107 odbi\u00f3r smaku tak samo jak spos\u00f3b parzenia.<\/p>\n\n\n\n<h4 class=\"wp-block-heading\">Kolor i materia\u0142 kubka wp\u0142ywaj\u0105 na smak<\/h4>\n\n\n\n<p>Niepozorny detal, a zmienia percepcj\u0119 kawy:<\/p>\n\n\n\n<ul class=\"wp-block-list\">\n<li><strong>Bia\u0142y kubek<\/strong> \u2013 kawa wydaje si\u0119 pe\u0142niejsza i intensywniejsza<\/li>\n\n\n\n<li><strong>Ciemne kubki<\/strong> \u2013 kawa mo\u017ce wydawa\u0107 si\u0119 \u0142agodniejsza, mniej intensywna<\/li>\n\n\n\n<li><strong>Ceramika<\/strong> \u2013 neutralna, d\u0142u\u017cej utrzymuje ciep\u0142o i jest przyjemna w dotyku<\/li>\n<\/ul>\n\n\n\n<h4 class=\"wp-block-heading\">Kszta\u0142t kubka \u201eprowadzi\u201d aromat do nosa<\/h4>\n\n\n\n<p>Bari\u015bci zwracaj\u0105 uwag\u0119, \u017ce kubki lekko zw\u0119\u017cane ku g\u00f3rze kieruj\u0105 aromat prosto do nosa. Dzi\u0119ki temu kawa wydaje si\u0119 bardziej aromatyczna i pe\u0142na smaku przy ka\u017cdym \u0142yku. To prosty trik, kt\u00f3ry sprawia, \u017ce zwyk\u0142a kawa w domu mo\u017ce smakowa\u0107 jak z profesjonalnej kawiarni.<\/p>\n\n\n\n<p>Sekret smaku Twojej kawy wcale nie zawsze tkwi w ziarnach czy ekspresie. Czasem wystarczy <strong>dobrze dobrany kubek<\/strong>, aby zwyk\u0142a kawa zamieni\u0142a si\u0119 w prawdziwy rytua\u0142.<\/p>\n\n\n\n<figure class=\"wp-block-image size-large\"><img loading=\"lazy\" decoding=\"async\" width=\"1024\" height=\"655\" src=\"https:\/\/dlatwojegodomu.com\/wp-content\/uploads\/2026\/01\/filizanka_ravi_1-1024x655.jpg\" alt=\"\" class=\"wp-image-696\" srcset=\"https:\/\/dlatwojegodomu.com\/wp-content\/uploads\/2026\/01\/filizanka_ravi_1-1024x655.jpg 1024w, https:\/\/dlatwojegodomu.com\/wp-content\/uploads\/2026\/01\/filizanka_ravi_1-300x192.jpg 300w, https:\/\/dlatwojegodomu.com\/wp-content\/uploads\/2026\/01\/filizanka_ravi_1-768x492.jpg 768w, https:\/\/dlatwojegodomu.com\/wp-content\/uploads\/2026\/01\/filizanka_ravi_1-900x576.jpg 900w, https:\/\/dlatwojegodomu.com\/wp-content\/uploads\/2026\/01\/filizanka_ravi_1-500x320.jpg 500w, https:\/\/dlatwojegodomu.com\/wp-content\/uploads\/2026\/01\/filizanka_ravi_1.jpg 1250w\" sizes=\"auto, (max-width: 1024px) 100vw, 1024px\" \/><\/figure>\n\n\n\n<p>\ud83d\udc49 Je\u015bli pijesz <a href=\"https:\/\/sklepgalicja.pl\/szukaj.html\/szukaj=espresso\">espresso <\/a>lub kaw\u0119 czarn\u0105, lepiej sprawdz\u0105 si\u0119 <strong>mniejsze kubki lub <a href=\"https:\/\/sklepgalicja.pl\/szukaj.html\/szukaj=fili%C5%BCanka\">fili\u017canki<\/a><\/strong>. Do latte i cappuccino \u2013 wi\u0119ksze, bardziej zaokr\u0105glone.<\/p>\n\n\n\n<h2 class=\"wp-block-heading\">Kubek do herbaty \u2013 ciep\u0142o na d\u0142u\u017cej<\/h2>\n\n\n\n<p>Herbat\u0119 pijemy wolniej ni\u017c kaw\u0119, dlatego <strong>wi\u0119kszy kubek (400\u2013500 ml)<\/strong> pozwala w pe\u0142ni cieszy\u0107 si\u0119 aromatem i smakiem. Ma\u0142y kubek sprawdzi si\u0119 w po\u015bpiechu, ale dla prawdziwego relaksu \u2013 warto postawi\u0107 na wi\u0119kszy.<\/p>\n\n\n\n<h4 class=\"wp-block-heading\">Materia\u0142 zmienia smak napoju<\/h4>\n\n\n\n<ul class=\"wp-block-list\">\n<li><strong>Ceramika i porcelana<\/strong> \u2013 neutralne dla smaku, nie wchodz\u0105 w reakcj\u0119 z naparem, d\u0142u\u017cej utrzymuj\u0105 ciep\u0142o<\/li>\n\n\n\n<li><strong>Szk\u0142o<\/strong> \u2013 \u0142adnie eksponuje kolor herbaty, ale szybciej stygnie<\/li>\n\n\n\n<li><strong>Metal<\/strong> \u2013 mo\u017ce zmienia\u0107 smak, nagrzewa si\u0119 szybko<\/li>\n<\/ul>\n\n\n\n<h4 class=\"wp-block-heading\">Pokrywka i kszta\u0142t kubka to sekret d\u0142u\u017cszego ciep\u0142a<\/h4>\n\n\n\n<p>Kubek z pokrywk\u0105 wolniej stygnie i pozwala cieszy\u0107 si\u0119 naparem nawet kilkana\u015bcie minut d\u0142u\u017cej. Lekko zw\u0119\u017cany ku g\u00f3rze kubek kieruje aromaty prosto do nosa, co wzmacnia przyjemno\u015b\u0107 picia herbaty.<\/p>\n\n\n\n<h4 class=\"wp-block-heading\">Kubek z zaparzaczem = wi\u0119cej aromatu i wygody<\/h4>\n\n\n\n<p>Dla fan\u00f3w herbat li\u015bciastych <a href=\"https:\/\/sklepgalicja.pl\/szukaj.html\/szukaj=kubek%20z%20zaparzaczem\">kubek z wbudowanym zaparzaczem<\/a> pozwala parzy\u0107 li\u015bcie bez dodatkowych akcesori\u00f3w. To prosty spos\u00f3b, aby napar by\u0142 mocniejszy, a codzienny rytua\u0142 wygodniejszy.<\/p>\n\n\n\n<p><a href=\"https:\/\/sklepgalicja.pl\/szukaj.html\/szukaj=kubek%20z%20zaparzaczem\">Dla fan\u00f3w herbat li\u015bciastych \u015bwietnie sprawdzaj\u0105 si\u0119 <strong>kubki z zaparzaczem<\/strong>, kt\u00f3re \u0142\u0105cz\u0105 funkcjonalno\u015b\u0107 z estetyk\u0105.<\/a><\/p>\n\n\n\n<figure class=\"wp-block-image size-large\"><a href=\"https:\/\/sklepgalicja.pl\/szukaj.html\/szukaj=kubek\"><img loading=\"lazy\" decoding=\"async\" width=\"1024\" height=\"683\" src=\"https:\/\/dlatwojegodomu.com\/wp-content\/uploads\/2026\/01\/AdobeStock_1725742378-1024x683.jpeg\" alt=\"\" class=\"wp-image-689\" srcset=\"https:\/\/dlatwojegodomu.com\/wp-content\/uploads\/2026\/01\/AdobeStock_1725742378-1024x683.jpeg 1024w, https:\/\/dlatwojegodomu.com\/wp-content\/uploads\/2026\/01\/AdobeStock_1725742378-300x200.jpeg 300w, https:\/\/dlatwojegodomu.com\/wp-content\/uploads\/2026\/01\/AdobeStock_1725742378-768x512.jpeg 768w, https:\/\/dlatwojegodomu.com\/wp-content\/uploads\/2026\/01\/AdobeStock_1725742378-1536x1024.jpeg 1536w, https:\/\/dlatwojegodomu.com\/wp-content\/uploads\/2026\/01\/AdobeStock_1725742378-2048x1365.jpeg 2048w, https:\/\/dlatwojegodomu.com\/wp-content\/uploads\/2026\/01\/AdobeStock_1725742378-900x600.jpeg 900w, https:\/\/dlatwojegodomu.com\/wp-content\/uploads\/2026\/01\/AdobeStock_1725742378-500x333.jpeg 500w\" sizes=\"auto, (max-width: 1024px) 100vw, 1024px\" \/><\/a><\/figure>\n\n\n\n<p>Jeden kubek do kawy i herbaty <strong>istnieje i mo\u017ce sta\u0107 si\u0119 Twoim ulubionym<\/strong>. Wystarczy dobra\u0107 odpowiedni\u0105 pojemno\u015b\u0107, materia\u0142, grubo\u015b\u0107 \u015bcianek i wygodny kszta\u0142t. Dzi\u0119ki temu Tw\u00f3j codzienny nap\u00f3j b\u0119dzie zawsze smakowa\u0142 najlepiej \u2013 niezale\u017cnie, czy rano pijesz espresso, czy popo\u0142udniu herbat\u0119.<\/p>\n\n\n\n<p><strong><a href=\"https:\/\/sklepgalicja.pl\/szukaj.html\/szukaj=kubek\">Kubek idealny to taki, kt\u00f3ry:<\/a><\/strong><br>\u2714 pasuje do Twoich nawyk\u00f3w,<br>\u2714 dobrze le\u017cy w d\u0142oni,<br>\u2714 cieszy oko,<br>\u2714 sprawdza si\u0119 na co dzie\u0144 i od \u015bwi\u0119ta.<\/p>\n\n\n\n<p>\ud83d\udc49 <a href=\"https:\/\/sklepgalicja.pl\/szukaj.html\/szukaj=kubek\">W naszym sklepie znajdziesz kubki, kt\u00f3re \u0142\u0105cz\u0105 <strong>funkcjonalno\u015b\u0107, design i wygod\u0119<\/strong> \u2013 idealne do ka\u017cdego napoju i codziennego rytua\u0142u.<\/a><\/p>\n\n\n\n<p><\/p>\n","protected":false},"excerpt":{"rendered":"<p>Cho\u0107 mo\u017ce si\u0119 wydawa\u0107 zwyczajnym przedmiotem, kubek to jeden z najcz\u0119\u015bciej u\u017cywanych element\u00f3w w domu. Towarzyszy nam o poranku, w pracy, podczas [&hellip;]<\/p>\n","protected":false},"author":6,"featured_media":688,"comment_status":"open","ping_status":"open","sticky":false,"template":"","format":"standard","meta":{"_monsterinsights_skip_tracking":false,"_monsterinsights_sitenote_active":false,"_monsterinsights_sitenote_note":"","_monsterinsights_sitenote_category":0,"footnotes":""},"categories":[286],"tags":[9,214,125,51,48,50,18],"class_list":["post-687","post","type-post","status-publish","format-standard","has-post-thumbnail","hentry","category-kubki","tag-galicja","tag-herbata","tag-kawa","tag-kubek","tag-ravi","tag-szklo","tag-wyposazenie-kuchni","col-md-12"],"yoast_head":"<!-- This site is optimized with the Yoast SEO plugin v20.13 - https:\/\/yoast.com\/wordpress\/plugins\/seo\/ -->\n<title>Kubek idealny \u2013 jaki wybra\u0107 do kawy i herbaty? -<\/title>\n<meta name=\"robots\" content=\"index, follow, max-snippet:-1, max-image-preview:large, max-video-preview:-1\" \/>\n<link rel=\"canonical\" href=\"https:\/\/dlatwojegodomu.com\/?p=687\" \/>\n<meta property=\"og:locale\" content=\"pl_PL\" \/>\n<meta property=\"og:type\" content=\"article\" \/>\n<meta property=\"og:title\" content=\"Kubek idealny \u2013 jaki wybra\u0107 do kawy i herbaty? -\" \/>\n<meta property=\"og:description\" content=\"Cho\u0107 mo\u017ce si\u0119 wydawa\u0107 zwyczajnym przedmiotem, kubek to jeden z najcz\u0119\u015bciej u\u017cywanych element\u00f3w w domu. Towarzyszy nam o poranku, w pracy, podczas [&hellip;]\" \/>\n<meta property=\"og:url\" content=\"https:\/\/dlatwojegodomu.com\/?p=687\" \/>\n<meta property=\"article:publisher\" content=\"https:\/\/www.facebook.com\/galicjadlatwojegodomu\" \/>\n<meta property=\"article:published_time\" content=\"2026-01-12T12:06:25+00:00\" \/>\n<meta property=\"article:modified_time\" content=\"2026-01-12T12:26:27+00:00\" \/>\n<meta property=\"og:image\" content=\"http:\/\/dlatwojegodomu.com\/wp-content\/uploads\/2026\/01\/Kubki-sienna.jpg\" \/>\n\t<meta property=\"og:image:width\" content=\"1184\" \/>\n\t<meta property=\"og:image:height\" content=\"864\" \/>\n\t<meta property=\"og:image:type\" content=\"image\/jpeg\" \/>\n<meta name=\"author\" content=\"Gabriela Wodzie\u0144\" \/>\n<meta name=\"twitter:card\" content=\"summary_large_image\" \/>\n<meta name=\"twitter:label1\" content=\"Napisane przez\" \/>\n\t<meta name=\"twitter:data1\" content=\"Gabriela Wodzie\u0144\" \/>\n\t<meta name=\"twitter:label2\" content=\"Szacowany czas czytania\" \/>\n\t<meta name=\"twitter:data2\" content=\"4 minuty\" \/>\n<script type=\"application\/ld+json\" class=\"yoast-schema-graph\">{\"@context\":\"https:\/\/schema.org\",\"@graph\":[{\"@type\":\"Article\",\"@id\":\"https:\/\/dlatwojegodomu.com\/?p=687#article\",\"isPartOf\":{\"@id\":\"https:\/\/dlatwojegodomu.com\/?p=687\"},\"author\":{\"name\":\"Gabriela Wodzie\u0144\",\"@id\":\"https:\/\/dlatwojegodomu.com\/#\/schema\/person\/885fadc75a2c71c5936ce38f795ba935\"},\"headline\":\"Kubek idealny \u2013 jaki wybra\u0107 do kawy i herbaty?\",\"datePublished\":\"2026-01-12T12:06:25+00:00\",\"dateModified\":\"2026-01-12T12:26:27+00:00\",\"mainEntityOfPage\":{\"@id\":\"https:\/\/dlatwojegodomu.com\/?p=687\"},\"wordCount\":639,\"commentCount\":0,\"publisher\":{\"@id\":\"https:\/\/dlatwojegodomu.com\/#organization\"},\"keywords\":[\"galicja\",\"herbata\",\"kawa\",\"kubek\",\"ravi\",\"szk\u0142o\",\"wyposa\u017cenie kuchni\"],\"articleSection\":[\"Kubki\"],\"inLanguage\":\"pl-PL\",\"potentialAction\":[{\"@type\":\"CommentAction\",\"name\":\"Comment\",\"target\":[\"https:\/\/dlatwojegodomu.com\/?p=687#respond\"]}]},{\"@type\":\"WebPage\",\"@id\":\"https:\/\/dlatwojegodomu.com\/?p=687\",\"url\":\"https:\/\/dlatwojegodomu.com\/?p=687\",\"name\":\"Kubek idealny \u2013 jaki wybra\u0107 do kawy i herbaty? -\",\"isPartOf\":{\"@id\":\"https:\/\/dlatwojegodomu.com\/#website\"},\"datePublished\":\"2026-01-12T12:06:25+00:00\",\"dateModified\":\"2026-01-12T12:26:27+00:00\",\"breadcrumb\":{\"@id\":\"https:\/\/dlatwojegodomu.com\/?p=687#breadcrumb\"},\"inLanguage\":\"pl-PL\",\"potentialAction\":[{\"@type\":\"ReadAction\",\"target\":[\"https:\/\/dlatwojegodomu.com\/?p=687\"]}]},{\"@type\":\"BreadcrumbList\",\"@id\":\"https:\/\/dlatwojegodomu.com\/?p=687#breadcrumb\",\"itemListElement\":[{\"@type\":\"ListItem\",\"position\":1,\"name\":\"Strona g\u0142\u00f3wna\",\"item\":\"https:\/\/dlatwojegodomu.com\/\"},{\"@type\":\"ListItem\",\"position\":2,\"name\":\"Kubek idealny \u2013 jaki wybra\u0107 do kawy i herbaty?\"}]},{\"@type\":\"WebSite\",\"@id\":\"https:\/\/dlatwojegodomu.com\/#website\",\"url\":\"https:\/\/dlatwojegodomu.com\/\",\"name\":\"https:\/\/dlatwojegodomu.com\/\",\"description\":\"Dla Twojego domu\",\"publisher\":{\"@id\":\"https:\/\/dlatwojegodomu.com\/#organization\"},\"potentialAction\":[{\"@type\":\"SearchAction\",\"target\":{\"@type\":\"EntryPoint\",\"urlTemplate\":\"https:\/\/dlatwojegodomu.com\/?s={search_term_string}\"},\"query-input\":\"required name=search_term_string\"}],\"inLanguage\":\"pl-PL\"},{\"@type\":\"Organization\",\"@id\":\"https:\/\/dlatwojegodomu.com\/#organization\",\"name\":\"dlatwojegodomu\",\"url\":\"https:\/\/dlatwojegodomu.com\/\",\"logo\":{\"@type\":\"ImageObject\",\"inLanguage\":\"pl-PL\",\"@id\":\"https:\/\/dlatwojegodomu.com\/#\/schema\/logo\/image\/\",\"url\":\"https:\/\/dlatwojegodomu.com\/wp-content\/uploads\/2022\/05\/logo-czarne.png\",\"contentUrl\":\"https:\/\/dlatwojegodomu.com\/wp-content\/uploads\/2022\/05\/logo-czarne.png\",\"width\":250,\"height\":250,\"caption\":\"dlatwojegodomu\"},\"image\":{\"@id\":\"https:\/\/dlatwojegodomu.com\/#\/schema\/logo\/image\/\"},\"sameAs\":[\"https:\/\/www.facebook.com\/galicjadlatwojegodomu\"]},{\"@type\":\"Person\",\"@id\":\"https:\/\/dlatwojegodomu.com\/#\/schema\/person\/885fadc75a2c71c5936ce38f795ba935\",\"name\":\"Gabriela Wodzie\u0144\",\"image\":{\"@type\":\"ImageObject\",\"inLanguage\":\"pl-PL\",\"@id\":\"https:\/\/dlatwojegodomu.com\/#\/schema\/person\/image\/\",\"url\":\"https:\/\/secure.gravatar.com\/avatar\/23b8f456b72d5a68739ec270ebd74850a674983ee4016b2c1a8cf207f8ce20ce?s=96&d=mm&r=g\",\"contentUrl\":\"https:\/\/secure.gravatar.com\/avatar\/23b8f456b72d5a68739ec270ebd74850a674983ee4016b2c1a8cf207f8ce20ce?s=96&d=mm&r=g\",\"caption\":\"Gabriela Wodzie\u0144\"},\"url\":\"https:\/\/dlatwojegodomu.com\/?author=6\"}]}<\/script>\n<!-- \/ Yoast SEO plugin. -->","yoast_head_json":{"title":"Kubek idealny \u2013 jaki wybra\u0107 do kawy i herbaty? -","robots":{"index":"index","follow":"follow","max-snippet":"max-snippet:-1","max-image-preview":"max-image-preview:large","max-video-preview":"max-video-preview:-1"},"canonical":"https:\/\/dlatwojegodomu.com\/?p=687","og_locale":"pl_PL","og_type":"article","og_title":"Kubek idealny \u2013 jaki wybra\u0107 do kawy i herbaty? -","og_description":"Cho\u0107 mo\u017ce si\u0119 wydawa\u0107 zwyczajnym przedmiotem, kubek to jeden z najcz\u0119\u015bciej u\u017cywanych element\u00f3w w domu. Towarzyszy nam o poranku, w pracy, podczas [&hellip;]","og_url":"https:\/\/dlatwojegodomu.com\/?p=687","article_publisher":"https:\/\/www.facebook.com\/galicjadlatwojegodomu","article_published_time":"2026-01-12T12:06:25+00:00","article_modified_time":"2026-01-12T12:26:27+00:00","og_image":[{"width":1184,"height":864,"url":"http:\/\/dlatwojegodomu.com\/wp-content\/uploads\/2026\/01\/Kubki-sienna.jpg","type":"image\/jpeg"}],"author":"Gabriela Wodzie\u0144","twitter_card":"summary_large_image","twitter_misc":{"Napisane przez":"Gabriela Wodzie\u0144","Szacowany czas czytania":"4 minuty"},"schema":{"@context":"https:\/\/schema.org","@graph":[{"@type":"Article","@id":"https:\/\/dlatwojegodomu.com\/?p=687#article","isPartOf":{"@id":"https:\/\/dlatwojegodomu.com\/?p=687"},"author":{"name":"Gabriela Wodzie\u0144","@id":"https:\/\/dlatwojegodomu.com\/#\/schema\/person\/885fadc75a2c71c5936ce38f795ba935"},"headline":"Kubek idealny \u2013 jaki wybra\u0107 do kawy i herbaty?","datePublished":"2026-01-12T12:06:25+00:00","dateModified":"2026-01-12T12:26:27+00:00","mainEntityOfPage":{"@id":"https:\/\/dlatwojegodomu.com\/?p=687"},"wordCount":639,"commentCount":0,"publisher":{"@id":"https:\/\/dlatwojegodomu.com\/#organization"},"keywords":["galicja","herbata","kawa","kubek","ravi","szk\u0142o","wyposa\u017cenie kuchni"],"articleSection":["Kubki"],"inLanguage":"pl-PL","potentialAction":[{"@type":"CommentAction","name":"Comment","target":["https:\/\/dlatwojegodomu.com\/?p=687#respond"]}]},{"@type":"WebPage","@id":"https:\/\/dlatwojegodomu.com\/?p=687","url":"https:\/\/dlatwojegodomu.com\/?p=687","name":"Kubek idealny \u2013 jaki wybra\u0107 do kawy i herbaty? -","isPartOf":{"@id":"https:\/\/dlatwojegodomu.com\/#website"},"datePublished":"2026-01-12T12:06:25+00:00","dateModified":"2026-01-12T12:26:27+00:00","breadcrumb":{"@id":"https:\/\/dlatwojegodomu.com\/?p=687#breadcrumb"},"inLanguage":"pl-PL","potentialAction":[{"@type":"ReadAction","target":["https:\/\/dlatwojegodomu.com\/?p=687"]}]},{"@type":"BreadcrumbList","@id":"https:\/\/dlatwojegodomu.com\/?p=687#breadcrumb","itemListElement":[{"@type":"ListItem","position":1,"name":"Strona g\u0142\u00f3wna","item":"https:\/\/dlatwojegodomu.com\/"},{"@type":"ListItem","position":2,"name":"Kubek idealny \u2013 jaki wybra\u0107 do kawy i herbaty?"}]},{"@type":"WebSite","@id":"https:\/\/dlatwojegodomu.com\/#website","url":"https:\/\/dlatwojegodomu.com\/","name":"https:\/\/dlatwojegodomu.com\/","description":"Dla Twojego domu","publisher":{"@id":"https:\/\/dlatwojegodomu.com\/#organization"},"potentialAction":[{"@type":"SearchAction","target":{"@type":"EntryPoint","urlTemplate":"https:\/\/dlatwojegodomu.com\/?s={search_term_string}"},"query-input":"required name=search_term_string"}],"inLanguage":"pl-PL"},{"@type":"Organization","@id":"https:\/\/dlatwojegodomu.com\/#organization","name":"dlatwojegodomu","url":"https:\/\/dlatwojegodomu.com\/","logo":{"@type":"ImageObject","inLanguage":"pl-PL","@id":"https:\/\/dlatwojegodomu.com\/#\/schema\/logo\/image\/","url":"https:\/\/dlatwojegodomu.com\/wp-content\/uploads\/2022\/05\/logo-czarne.png","contentUrl":"https:\/\/dlatwojegodomu.com\/wp-content\/uploads\/2022\/05\/logo-czarne.png","width":250,"height":250,"caption":"dlatwojegodomu"},"image":{"@id":"https:\/\/dlatwojegodomu.com\/#\/schema\/logo\/image\/"},"sameAs":["https:\/\/www.facebook.com\/galicjadlatwojegodomu"]},{"@type":"Person","@id":"https:\/\/dlatwojegodomu.com\/#\/schema\/person\/885fadc75a2c71c5936ce38f795ba935","name":"Gabriela Wodzie\u0144","image":{"@type":"ImageObject","inLanguage":"pl-PL","@id":"https:\/\/dlatwojegodomu.com\/#\/schema\/person\/image\/","url":"https:\/\/secure.gravatar.com\/avatar\/23b8f456b72d5a68739ec270ebd74850a674983ee4016b2c1a8cf207f8ce20ce?s=96&d=mm&r=g","contentUrl":"https:\/\/secure.gravatar.com\/avatar\/23b8f456b72d5a68739ec270ebd74850a674983ee4016b2c1a8cf207f8ce20ce?s=96&d=mm&r=g","caption":"Gabriela Wodzie\u0144"},"url":"https:\/\/dlatwojegodomu.com\/?author=6"}]}},"_links":{"self":[{"href":"https:\/\/dlatwojegodomu.com\/index.php?rest_route=\/wp\/v2\/posts\/687","targetHints":{"allow":["GET"]}}],"collection":[{"href":"https:\/\/dlatwojegodomu.com\/index.php?rest_route=\/wp\/v2\/posts"}],"about":[{"href":"https:\/\/dlatwojegodomu.com\/index.php?rest_route=\/wp\/v2\/types\/post"}],"author":[{"embeddable":true,"href":"https:\/\/dlatwojegodomu.com\/index.php?rest_route=\/wp\/v2\/users\/6"}],"replies":[{"embeddable":true,"href":"https:\/\/dlatwojegodomu.com\/index.php?rest_route=%2Fwp%2Fv2%2Fcomments&post=687"}],"version-history":[{"count":5,"href":"https:\/\/dlatwojegodomu.com\/index.php?rest_route=\/wp\/v2\/posts\/687\/revisions"}],"predecessor-version":[{"id":710,"href":"https:\/\/dlatwojegodomu.com\/index.php?rest_route=\/wp\/v2\/posts\/687\/revisions\/710"}],"wp:featuredmedia":[{"embeddable":true,"href":"https:\/\/dlatwojegodomu.com\/index.php?rest_route=\/wp\/v2\/media\/688"}],"wp:attachment":[{"href":"https:\/\/dlatwojegodomu.com\/index.php?rest_route=%2Fwp%2Fv2%2Fmedia&parent=687"}],"wp:term":[{"taxonomy":"category","embeddable":true,"href":"https:\/\/dlatwojegodomu.com\/index.php?rest_route=%2Fwp%2Fv2%2Fcategories&post=687"},{"taxonomy":"post_tag","embeddable":true,"href":"https:\/\/dlatwojegodomu.com\/index.php?rest_route=%2Fwp%2Fv2%2Ftags&post=687"}],"curies":[{"name":"wp","href":"https:\/\/api.w.org\/{rel}","templated":true}]}}