{"id":569,"date":"2024-12-06T09:23:42","date_gmt":"2024-12-06T08:23:42","guid":{"rendered":"https:\/\/dlatwojegodomu.com\/?p=569"},"modified":"2024-12-06T09:23:44","modified_gmt":"2024-12-06T08:23:44","slug":"stol-wigilijny-jak-ze-skandynawskiego-katalogu-pomysly-na-minimalistyczna-aranzacje","status":"publish","type":"post","link":"https:\/\/dlatwojegodomu.com\/?p=569","title":{"rendered":"St\u00f3\u0142 wigilijny jak ze skandynawskiego katalogu: Pomys\u0142y na minimalistyczn\u0105 aran\u017cacj\u0119"},"content":{"rendered":"\n<p>\u015awi\u0119ta Bo\u017cego Narodzenia to wyj\u0105tkowy czas, kt\u00f3ry inspiruje nas nie tylko do refleksji, ale r\u00f3wnie\u017c do stworzenia w naszych domach atmosfery <strong>ciep\u0142a, spokoju i przytulno\u015bci<\/strong>. <strong>Skandynawski styl<\/strong> doskonale oddaje ten \u015bwi\u0105teczny klimat. Minimalistyczny st\u00f3\u0142 wigilijny w duchu p\u00f3\u0142nocnej estetyki to po\u0142\u0105czenie <strong>prostoty, naturalno\u015bci i funkcjonalno\u015bci<\/strong>. Jak zaaran\u017cowa\u0107 taki st\u00f3\u0142, aby wygl\u0105da\u0142 jak z katalogu? Podpowiadamy, jak osi\u0105gn\u0105\u0107 taki efekt.<\/p>\n\n\n\n<p><strong>Zacznij od podstaw \u2013 <a href=\"https:\/\/sklepgalicja.pl\/talerze-i-zestawy-obiadowe-c-234_240_283.html\">zastawa sto\u0142owa<\/a><\/strong><\/p>\n\n\n\n<p>Pierwszym krokiem do stworzenia skandynawskiego sto\u0142u jest <strong><a href=\"https:\/\/sklepgalicja.pl\/talerze-i-zestawy-obiadowe-c-234_240_283.html\">odpowiednia zastawa<\/a><\/strong>. Elegancka, zielono-niebieska <strong><a href=\"https:\/\/sklepgalicja.pl\/szukaj.html\/szukaj=sapphire\">kamionka SAPPHIRE<\/a><\/strong> to doskona\u0142y wyb\u00f3r w tym stylu. Barwy takie jak g\u0142\u0119boki granat, br\u0105z czy szaro\u015b\u0107 pi\u0119knie kontrastuj\u0105 z <strong>naturalnymi akcentami<\/strong>, kt\u00f3re s\u0105 kluczowe w tej estetyce. Zastawa powinna by\u0107 prosta, pozbawiona zb\u0119dnych zdobie\u0144, o ob\u0142ych kszta\u0142tach. Na talerzach warto po\u0142o\u017cy\u0107 drobne, naturalne elementy \u2013 <strong>ga\u0142\u0105zk\u0119 \u015bwierku<\/strong>, <strong>plaster suszonej pomara\u0144czy<\/strong> czy <strong>laski cynamonu<\/strong> przewi\u0105zane jutowym sznurkiem. Takie detale nadaj\u0105 sto\u0142owi subtelny, \u015bwi\u0105teczny charakter.<\/p>\n\n\n\n<figure class=\"wp-block-image size-full\"><a href=\"https:\/\/sklepgalicja.pl\/szukaj.html\/szukaj=sapphire\"><img loading=\"lazy\" decoding=\"async\" width=\"1000\" height=\"667\" src=\"https:\/\/dlatwojegodomu.com\/wp-content\/uploads\/2024\/12\/DSC00377.jpg\" alt=\"\" class=\"wp-image-572\" srcset=\"https:\/\/dlatwojegodomu.com\/wp-content\/uploads\/2024\/12\/DSC00377.jpg 1000w, https:\/\/dlatwojegodomu.com\/wp-content\/uploads\/2024\/12\/DSC00377-300x200.jpg 300w, https:\/\/dlatwojegodomu.com\/wp-content\/uploads\/2024\/12\/DSC00377-768x512.jpg 768w, https:\/\/dlatwojegodomu.com\/wp-content\/uploads\/2024\/12\/DSC00377-900x600.jpg 900w, https:\/\/dlatwojegodomu.com\/wp-content\/uploads\/2024\/12\/DSC00377-500x334.jpg 500w\" sizes=\"auto, (max-width: 1000px) 100vw, 1000px\" \/><\/a><figcaption class=\"wp-element-caption\"><a href=\"https:\/\/sklepgalicja.pl\/szukaj.html\/szukaj=sapphire\">Zastawa sto\u0142owa SAPPHIRE<\/a><\/figcaption><\/figure>\n\n\n\n<p><strong>Tkaniny na st\u00f3\u0142 \u2013 postaw na naturalne materia\u0142y<\/strong><\/p>\n\n\n\n<p>Opr\u00f3cz zastawy niezwykle wa\u017cne s\u0105 <strong>tekstylia<\/strong>. Wybierz serwetki z naturalnych materia\u0142\u00f3w, takich jak <strong>len<\/strong> czy <strong>bawe\u0142na<\/strong>, w neutralnych kolorach \u2013 <strong>be\u017cach, bieli lub szaro\u015bciach<\/strong>. Mo\u017cesz u\u0142o\u017cy\u0107 je na talerzach w lu\u017any spos\u00f3b lub przewi\u0105za\u0107 sznurkiem z dodatkiem drobnych dekoracji, na przyk\u0142ad <strong>szyszek<\/strong> czy <strong>ga\u0142\u0105zek rozmarynu<\/strong>. Je\u015bli chodzi o obrus, skandynawski styl cz\u0119sto rezygnuje z pe\u0142nych nakry\u0107 na rzecz <strong>prostych lnianych bie\u017cnik\u00f3w lub mat<\/strong>, kt\u00f3re eksponuj\u0105 naturalne pi\u0119kno drewnianego sto\u0142u.<\/p>\n\n\n\n<p><strong>Magia o\u015bwietlenia<\/strong><\/p>\n\n\n\n<p>Kluczowym elementem budowania atmosfery jest <strong>o\u015bwietlenie<\/strong>. <strong><a href=\"https:\/\/sklepgalicja.pl\/szukaj.html\/szukaj=%C5%9Bwieca%20ryflowana\">\u015awiece w neutralnych odcieniach<\/a><\/strong> \u2013 bia\u0142ych lub kremowych \u2013 rozmieszczone na stole w r\u00f3\u017cnej wysoko\u015bci <strong><a href=\"https:\/\/sklepgalicja.pl\/szukaj.html\/szukaj=%C5%9Bwiecznik\">\u015bwiecznikach<\/a><\/strong> to obowi\u0105zkowy element skandynawskiej aran\u017cacji. Aby wprowadzi\u0107 dodatkowy blask, mo\u017cna doda\u0107 <strong><a href=\"https:\/\/sklepgalicja.pl\/szukaj.html\/szukaj=lampki\">delikatne lampki LED<\/a><\/strong>, kt\u00f3re b\u0119d\u0105 zdobi\u0142y st\u00f3\u0142 lub przestrze\u0144 wok\u00f3\u0142 niego. W ci\u0105gu dnia postaraj si\u0119 wykorzysta\u0107 <strong>naturalne \u015bwiat\u0142o<\/strong> \u2013 ustaw st\u00f3\u0142 w pobli\u017cu okna, by w pe\u0142ni doceni\u0107 jego prostot\u0119 i harmoni\u0119.<\/p>\n\n\n\n<figure class=\"wp-block-image size-full\"><a href=\"https:\/\/sklepgalicja.pl\/komplet-zestaw-sztuccow-24-elementowy-milano-gratis-p-4448.html\"><img loading=\"lazy\" decoding=\"async\" width=\"1000\" height=\"667\" src=\"https:\/\/dlatwojegodomu.com\/wp-content\/uploads\/2024\/12\/DSC00378.jpg\" alt=\"\" class=\"wp-image-573\" srcset=\"https:\/\/dlatwojegodomu.com\/wp-content\/uploads\/2024\/12\/DSC00378.jpg 1000w, https:\/\/dlatwojegodomu.com\/wp-content\/uploads\/2024\/12\/DSC00378-300x200.jpg 300w, https:\/\/dlatwojegodomu.com\/wp-content\/uploads\/2024\/12\/DSC00378-768x512.jpg 768w, https:\/\/dlatwojegodomu.com\/wp-content\/uploads\/2024\/12\/DSC00378-900x600.jpg 900w, https:\/\/dlatwojegodomu.com\/wp-content\/uploads\/2024\/12\/DSC00378-500x334.jpg 500w\" sizes=\"auto, (max-width: 1000px) 100vw, 1000px\" \/><\/a><figcaption class=\"wp-element-caption\"><a href=\"https:\/\/sklepgalicja.pl\/komplet-zestaw-sztuccow-24-elementowy-milano-gratis-p-4448.html\">Komplet zestaw sztu\u0107c\u00f3w 24 elementowy MILANO<\/a><\/figcaption><\/figure>\n\n\n\n<p><strong>Dary lasu na Twoim stole<\/strong><\/p>\n\n\n\n<p><strong>Naturalne dekoracje<\/strong> to serce skandynawskiego sto\u0142u wigilijnego. <strong>Ga\u0142\u0105zki \u015bwierku<\/strong>, kt\u00f3re mo\u017cesz u\u0142o\u017cy\u0107 wzd\u0142u\u017c sto\u0142u jako bie\u017cnik, wprowadzaj\u0105 do wn\u0119trza odrobin\u0119 lasu. Mo\u017cesz te\u017c u\u017cy\u0107 ich jako dodatku do serwetek lub \u015bwiecznik\u00f3w. <strong>Szyszki <\/strong>doskonale dope\u0142niaj\u0105 t\u0119 kompozycj\u0119 \u2013 u\u0142o\u017cone mi\u0119dzy talerzami lub przy serwetkach stworz\u0105 prost\u0105, ale eleganck\u0105 dekoracj\u0119. Chcesz doda\u0107 troch\u0119 blasku? Pomaluj ko\u0144c\u00f3wki szyszek z\u0142otym lub srebrnym sprayem. <strong>Suszone plastry pomara\u0144czy i jab\u0142ek<\/strong> to nie tylko pi\u0119kne, ale te\u017c pachn\u0105ce akcenty, kt\u00f3re \u015bwietnie sprawdz\u0105 si\u0119 zar\u00f3wno na stole, jak i w dekoracji \u015bwiecznik\u00f3w czy wazon\u00f3w. Je\u015bli chcesz, by st\u00f3\u0142 nabra\u0142 jeszcze bardziej naturalnego charakteru, wykorzystaj <strong>podk\u0142adki z plastr\u00f3w drewna lub drewniane tace<\/strong> do ustawienia \u015bwiec i drobnych ozd\u00f3b.<\/p>\n\n\n\n<figure class=\"wp-block-image size-full\"><a href=\"https:\/\/sklepgalicja.pl\/szukaj.html\/szukaj=sapphire\"><img loading=\"lazy\" decoding=\"async\" width=\"1000\" height=\"666\" src=\"https:\/\/dlatwojegodomu.com\/wp-content\/uploads\/2024\/12\/linia-Sapphire-2.jpg\" alt=\"\" class=\"wp-image-574\" srcset=\"https:\/\/dlatwojegodomu.com\/wp-content\/uploads\/2024\/12\/linia-Sapphire-2.jpg 1000w, https:\/\/dlatwojegodomu.com\/wp-content\/uploads\/2024\/12\/linia-Sapphire-2-300x200.jpg 300w, https:\/\/dlatwojegodomu.com\/wp-content\/uploads\/2024\/12\/linia-Sapphire-2-768x511.jpg 768w, https:\/\/dlatwojegodomu.com\/wp-content\/uploads\/2024\/12\/linia-Sapphire-2-900x599.jpg 900w, https:\/\/dlatwojegodomu.com\/wp-content\/uploads\/2024\/12\/linia-Sapphire-2-500x333.jpg 500w\" sizes=\"auto, (max-width: 1000px) 100vw, 1000px\" \/><\/a><figcaption class=\"wp-element-caption\"><a href=\"https:\/\/sklepgalicja.pl\/szukaj.html\/szukaj=sapphire\">Zastawa sto\u0142owa SAPPHIRE<\/a><\/figcaption><\/figure>\n\n\n\n<p>Podczas aran\u017cacji warto pami\u0119ta\u0107 o umiarze \u2013 skandynawska estetyka to celebracja <strong>prostoty&nbsp; i harmonii<\/strong>. Minimalizm w dekoracjach wcale nie oznacza ch\u0142odu. Wr\u0119cz przeciwnie, dobrze dobrane elementy \u2013 <strong>ciep\u0142e \u015bwiat\u0142o \u015bwiec, naturalne materia\u0142y i subtelne kolory<\/strong> \u2013 stworz\u0105 atmosfer\u0119 przytulno\u015bci i wyj\u0105tkowo\u015bci. To w\u0142a\u015bnie detale, takie jak drobne dekoracje z lasu, starannie dobrane tekstylia i elegancka zastawa czyni\u0105 skandynawski st\u00f3\u0142 tak wyj\u0105tkowym.<\/p>\n\n\n\n<p><strong>St\u00f3\u0142 wigilijny w duchu skandynawskim<\/strong> to nie tylko estetyka, ale r\u00f3wnie\u017c filozofia \u015bwi\u0105tecznej harmonii. Wybieraj\u0105c naturalne materia\u0142y, proste formy i subtelne akcenty, tworzysz przestrze\u0144, kt\u00f3ra sprzyja celebrowaniu chwil z bliskimi. Prostota, zr\u00f3wnowa\u017cone dekoracje i przytulna atmosfera sprawi\u0105, \u017ce te \u015bwi\u0119ta b\u0119d\u0105 naprawd\u0119 magiczne.<\/p>\n\n\n\n<p><\/p>\n","protected":false},"excerpt":{"rendered":"<p>\u015awi\u0119ta Bo\u017cego Narodzenia to wyj\u0105tkowy czas, kt\u00f3ry inspiruje nas nie tylko do refleksji, ale r\u00f3wnie\u017c do stworzenia w naszych domach atmosfery ciep\u0142a, [&hellip;]<\/p>\n","protected":false},"author":4,"featured_media":565,"comment_status":"open","ping_status":"open","sticky":false,"template":"","format":"standard","meta":{"_monsterinsights_skip_tracking":false,"_monsterinsights_sitenote_active":false,"_monsterinsights_sitenote_note":"","_monsterinsights_sitenote_category":0,"footnotes":""},"categories":[4],"tags":[239,242,244,245,240,238,62,61,241,54],"class_list":["post-569","post","type-post","status-publish","format-standard","has-post-thumbnail","hentry","category-kuchnia","tag-kamionka","tag-minimalistyczne-swieta","tag-naturalne-ozdoby","tag-ozdoby-swiateczne","tag-sapphire","tag-skandynawski-styl","tag-swiateczny-stol","tag-swieta","tag-talerz","tag-zastawa-stolowa","col-md-12"],"yoast_head":"<!-- This site is optimized with the Yoast SEO plugin v20.13 - https:\/\/yoast.com\/wordpress\/plugins\/seo\/ -->\n<title>St\u00f3\u0142 wigilijny jak ze skandynawskiego katalogu: Pomys\u0142y na minimalistyczn\u0105 aran\u017cacj\u0119 -<\/title>\n<meta name=\"robots\" content=\"index, follow, max-snippet:-1, max-image-preview:large, max-video-preview:-1\" \/>\n<link rel=\"canonical\" href=\"https:\/\/dlatwojegodomu.com\/?p=569\" \/>\n<meta property=\"og:locale\" content=\"pl_PL\" \/>\n<meta property=\"og:type\" content=\"article\" \/>\n<meta property=\"og:title\" content=\"St\u00f3\u0142 wigilijny jak ze skandynawskiego katalogu: Pomys\u0142y na minimalistyczn\u0105 aran\u017cacj\u0119 -\" \/>\n<meta property=\"og:description\" content=\"\u015awi\u0119ta Bo\u017cego Narodzenia to wyj\u0105tkowy czas, kt\u00f3ry inspiruje nas nie tylko do refleksji, ale r\u00f3wnie\u017c do stworzenia w naszych domach atmosfery ciep\u0142a, [&hellip;]\" \/>\n<meta property=\"og:url\" content=\"https:\/\/dlatwojegodomu.com\/?p=569\" \/>\n<meta property=\"article:publisher\" content=\"https:\/\/www.facebook.com\/galicjadlatwojegodomu\" \/>\n<meta property=\"article:published_time\" content=\"2024-12-06T08:23:42+00:00\" \/>\n<meta property=\"article:modified_time\" content=\"2024-12-06T08:23:44+00:00\" \/>\n<meta property=\"og:image\" content=\"http:\/\/dlatwojegodomu.com\/wp-content\/uploads\/2024\/11\/DSC00376.jpg\" \/>\n\t<meta property=\"og:image:width\" content=\"1000\" \/>\n\t<meta property=\"og:image:height\" content=\"667\" \/>\n\t<meta property=\"og:image:type\" content=\"image\/jpeg\" \/>\n<meta name=\"author\" content=\"Adrianna Sarama\" \/>\n<meta name=\"twitter:card\" content=\"summary_large_image\" \/>\n<meta name=\"twitter:label1\" content=\"Napisane przez\" \/>\n\t<meta name=\"twitter:data1\" content=\"Adrianna Sarama\" \/>\n\t<meta name=\"twitter:label2\" content=\"Szacowany czas czytania\" \/>\n\t<meta name=\"twitter:data2\" content=\"4 minuty\" \/>\n<script type=\"application\/ld+json\" class=\"yoast-schema-graph\">{\"@context\":\"https:\/\/schema.org\",\"@graph\":[{\"@type\":\"Article\",\"@id\":\"https:\/\/dlatwojegodomu.com\/?p=569#article\",\"isPartOf\":{\"@id\":\"https:\/\/dlatwojegodomu.com\/?p=569\"},\"author\":{\"name\":\"Adrianna Sarama\",\"@id\":\"https:\/\/dlatwojegodomu.com\/#\/schema\/person\/de910a038933147913d08452c1ba83f7\"},\"headline\":\"St\u00f3\u0142 wigilijny jak ze skandynawskiego katalogu: Pomys\u0142y na minimalistyczn\u0105 aran\u017cacj\u0119\",\"datePublished\":\"2024-12-06T08:23:42+00:00\",\"dateModified\":\"2024-12-06T08:23:44+00:00\",\"mainEntityOfPage\":{\"@id\":\"https:\/\/dlatwojegodomu.com\/?p=569\"},\"wordCount\":644,\"commentCount\":0,\"publisher\":{\"@id\":\"https:\/\/dlatwojegodomu.com\/#organization\"},\"keywords\":[\"kamionka\",\"minimalistyczne \u015bwi\u0119ta\",\"naturalne ozdoby\",\"ozdoby \u015bwi\u0105teczne\",\"sapphire\",\"skandynawski styl\",\"\u015bwi\u0105teczny st\u00f3\u0142\",\"\u015bwi\u0119ta\",\"talerz\",\"zastawa sto\u0142owa\"],\"articleSection\":[\"Kuchnia\"],\"inLanguage\":\"pl-PL\",\"potentialAction\":[{\"@type\":\"CommentAction\",\"name\":\"Comment\",\"target\":[\"https:\/\/dlatwojegodomu.com\/?p=569#respond\"]}]},{\"@type\":\"WebPage\",\"@id\":\"https:\/\/dlatwojegodomu.com\/?p=569\",\"url\":\"https:\/\/dlatwojegodomu.com\/?p=569\",\"name\":\"St\u00f3\u0142 wigilijny jak ze skandynawskiego katalogu: Pomys\u0142y na minimalistyczn\u0105 aran\u017cacj\u0119 -\",\"isPartOf\":{\"@id\":\"https:\/\/dlatwojegodomu.com\/#website\"},\"datePublished\":\"2024-12-06T08:23:42+00:00\",\"dateModified\":\"2024-12-06T08:23:44+00:00\",\"breadcrumb\":{\"@id\":\"https:\/\/dlatwojegodomu.com\/?p=569#breadcrumb\"},\"inLanguage\":\"pl-PL\",\"potentialAction\":[{\"@type\":\"ReadAction\",\"target\":[\"https:\/\/dlatwojegodomu.com\/?p=569\"]}]},{\"@type\":\"BreadcrumbList\",\"@id\":\"https:\/\/dlatwojegodomu.com\/?p=569#breadcrumb\",\"itemListElement\":[{\"@type\":\"ListItem\",\"position\":1,\"name\":\"Strona g\u0142\u00f3wna\",\"item\":\"https:\/\/dlatwojegodomu.com\/\"},{\"@type\":\"ListItem\",\"position\":2,\"name\":\"St\u00f3\u0142 wigilijny jak ze skandynawskiego katalogu: Pomys\u0142y na minimalistyczn\u0105 aran\u017cacj\u0119\"}]},{\"@type\":\"WebSite\",\"@id\":\"https:\/\/dlatwojegodomu.com\/#website\",\"url\":\"https:\/\/dlatwojegodomu.com\/\",\"name\":\"https:\/\/dlatwojegodomu.com\/\",\"description\":\"Dla Twojego domu\",\"publisher\":{\"@id\":\"https:\/\/dlatwojegodomu.com\/#organization\"},\"potentialAction\":[{\"@type\":\"SearchAction\",\"target\":{\"@type\":\"EntryPoint\",\"urlTemplate\":\"https:\/\/dlatwojegodomu.com\/?s={search_term_string}\"},\"query-input\":\"required name=search_term_string\"}],\"inLanguage\":\"pl-PL\"},{\"@type\":\"Organization\",\"@id\":\"https:\/\/dlatwojegodomu.com\/#organization\",\"name\":\"dlatwojegodomu\",\"url\":\"https:\/\/dlatwojegodomu.com\/\",\"logo\":{\"@type\":\"ImageObject\",\"inLanguage\":\"pl-PL\",\"@id\":\"https:\/\/dlatwojegodomu.com\/#\/schema\/logo\/image\/\",\"url\":\"https:\/\/dlatwojegodomu.com\/wp-content\/uploads\/2022\/05\/logo-czarne.png\",\"contentUrl\":\"https:\/\/dlatwojegodomu.com\/wp-content\/uploads\/2022\/05\/logo-czarne.png\",\"width\":250,\"height\":250,\"caption\":\"dlatwojegodomu\"},\"image\":{\"@id\":\"https:\/\/dlatwojegodomu.com\/#\/schema\/logo\/image\/\"},\"sameAs\":[\"https:\/\/www.facebook.com\/galicjadlatwojegodomu\"]},{\"@type\":\"Person\",\"@id\":\"https:\/\/dlatwojegodomu.com\/#\/schema\/person\/de910a038933147913d08452c1ba83f7\",\"name\":\"Adrianna Sarama\",\"image\":{\"@type\":\"ImageObject\",\"inLanguage\":\"pl-PL\",\"@id\":\"https:\/\/dlatwojegodomu.com\/#\/schema\/person\/image\/\",\"url\":\"https:\/\/secure.gravatar.com\/avatar\/a79daf6f58e9a8370bb5045a693a6bac1773c81ded1370d41cd8242b433aa9b5?s=96&d=mm&r=g\",\"contentUrl\":\"https:\/\/secure.gravatar.com\/avatar\/a79daf6f58e9a8370bb5045a693a6bac1773c81ded1370d41cd8242b433aa9b5?s=96&d=mm&r=g\",\"caption\":\"Adrianna Sarama\"},\"sameAs\":[\"http:\/\/dlatwojegodomu.com\"],\"url\":\"https:\/\/dlatwojegodomu.com\/?author=4\"}]}<\/script>\n<!-- \/ Yoast SEO plugin. -->","yoast_head_json":{"title":"St\u00f3\u0142 wigilijny jak ze skandynawskiego katalogu: Pomys\u0142y na minimalistyczn\u0105 aran\u017cacj\u0119 -","robots":{"index":"index","follow":"follow","max-snippet":"max-snippet:-1","max-image-preview":"max-image-preview:large","max-video-preview":"max-video-preview:-1"},"canonical":"https:\/\/dlatwojegodomu.com\/?p=569","og_locale":"pl_PL","og_type":"article","og_title":"St\u00f3\u0142 wigilijny jak ze skandynawskiego katalogu: Pomys\u0142y na minimalistyczn\u0105 aran\u017cacj\u0119 -","og_description":"\u015awi\u0119ta Bo\u017cego Narodzenia to wyj\u0105tkowy czas, kt\u00f3ry inspiruje nas nie tylko do refleksji, ale r\u00f3wnie\u017c do stworzenia w naszych domach atmosfery ciep\u0142a, [&hellip;]","og_url":"https:\/\/dlatwojegodomu.com\/?p=569","article_publisher":"https:\/\/www.facebook.com\/galicjadlatwojegodomu","article_published_time":"2024-12-06T08:23:42+00:00","article_modified_time":"2024-12-06T08:23:44+00:00","og_image":[{"width":1000,"height":667,"url":"http:\/\/dlatwojegodomu.com\/wp-content\/uploads\/2024\/11\/DSC00376.jpg","type":"image\/jpeg"}],"author":"Adrianna Sarama","twitter_card":"summary_large_image","twitter_misc":{"Napisane przez":"Adrianna Sarama","Szacowany czas czytania":"4 minuty"},"schema":{"@context":"https:\/\/schema.org","@graph":[{"@type":"Article","@id":"https:\/\/dlatwojegodomu.com\/?p=569#article","isPartOf":{"@id":"https:\/\/dlatwojegodomu.com\/?p=569"},"author":{"name":"Adrianna Sarama","@id":"https:\/\/dlatwojegodomu.com\/#\/schema\/person\/de910a038933147913d08452c1ba83f7"},"headline":"St\u00f3\u0142 wigilijny jak ze skandynawskiego katalogu: Pomys\u0142y na minimalistyczn\u0105 aran\u017cacj\u0119","datePublished":"2024-12-06T08:23:42+00:00","dateModified":"2024-12-06T08:23:44+00:00","mainEntityOfPage":{"@id":"https:\/\/dlatwojegodomu.com\/?p=569"},"wordCount":644,"commentCount":0,"publisher":{"@id":"https:\/\/dlatwojegodomu.com\/#organization"},"keywords":["kamionka","minimalistyczne \u015bwi\u0119ta","naturalne ozdoby","ozdoby \u015bwi\u0105teczne","sapphire","skandynawski styl","\u015bwi\u0105teczny st\u00f3\u0142","\u015bwi\u0119ta","talerz","zastawa sto\u0142owa"],"articleSection":["Kuchnia"],"inLanguage":"pl-PL","potentialAction":[{"@type":"CommentAction","name":"Comment","target":["https:\/\/dlatwojegodomu.com\/?p=569#respond"]}]},{"@type":"WebPage","@id":"https:\/\/dlatwojegodomu.com\/?p=569","url":"https:\/\/dlatwojegodomu.com\/?p=569","name":"St\u00f3\u0142 wigilijny jak ze skandynawskiego katalogu: Pomys\u0142y na minimalistyczn\u0105 aran\u017cacj\u0119 -","isPartOf":{"@id":"https:\/\/dlatwojegodomu.com\/#website"},"datePublished":"2024-12-06T08:23:42+00:00","dateModified":"2024-12-06T08:23:44+00:00","breadcrumb":{"@id":"https:\/\/dlatwojegodomu.com\/?p=569#breadcrumb"},"inLanguage":"pl-PL","potentialAction":[{"@type":"ReadAction","target":["https:\/\/dlatwojegodomu.com\/?p=569"]}]},{"@type":"BreadcrumbList","@id":"https:\/\/dlatwojegodomu.com\/?p=569#breadcrumb","itemListElement":[{"@type":"ListItem","position":1,"name":"Strona g\u0142\u00f3wna","item":"https:\/\/dlatwojegodomu.com\/"},{"@type":"ListItem","position":2,"name":"St\u00f3\u0142 wigilijny jak ze skandynawskiego katalogu: Pomys\u0142y na minimalistyczn\u0105 aran\u017cacj\u0119"}]},{"@type":"WebSite","@id":"https:\/\/dlatwojegodomu.com\/#website","url":"https:\/\/dlatwojegodomu.com\/","name":"https:\/\/dlatwojegodomu.com\/","description":"Dla Twojego domu","publisher":{"@id":"https:\/\/dlatwojegodomu.com\/#organization"},"potentialAction":[{"@type":"SearchAction","target":{"@type":"EntryPoint","urlTemplate":"https:\/\/dlatwojegodomu.com\/?s={search_term_string}"},"query-input":"required name=search_term_string"}],"inLanguage":"pl-PL"},{"@type":"Organization","@id":"https:\/\/dlatwojegodomu.com\/#organization","name":"dlatwojegodomu","url":"https:\/\/dlatwojegodomu.com\/","logo":{"@type":"ImageObject","inLanguage":"pl-PL","@id":"https:\/\/dlatwojegodomu.com\/#\/schema\/logo\/image\/","url":"https:\/\/dlatwojegodomu.com\/wp-content\/uploads\/2022\/05\/logo-czarne.png","contentUrl":"https:\/\/dlatwojegodomu.com\/wp-content\/uploads\/2022\/05\/logo-czarne.png","width":250,"height":250,"caption":"dlatwojegodomu"},"image":{"@id":"https:\/\/dlatwojegodomu.com\/#\/schema\/logo\/image\/"},"sameAs":["https:\/\/www.facebook.com\/galicjadlatwojegodomu"]},{"@type":"Person","@id":"https:\/\/dlatwojegodomu.com\/#\/schema\/person\/de910a038933147913d08452c1ba83f7","name":"Adrianna Sarama","image":{"@type":"ImageObject","inLanguage":"pl-PL","@id":"https:\/\/dlatwojegodomu.com\/#\/schema\/person\/image\/","url":"https:\/\/secure.gravatar.com\/avatar\/a79daf6f58e9a8370bb5045a693a6bac1773c81ded1370d41cd8242b433aa9b5?s=96&d=mm&r=g","contentUrl":"https:\/\/secure.gravatar.com\/avatar\/a79daf6f58e9a8370bb5045a693a6bac1773c81ded1370d41cd8242b433aa9b5?s=96&d=mm&r=g","caption":"Adrianna Sarama"},"sameAs":["http:\/\/dlatwojegodomu.com"],"url":"https:\/\/dlatwojegodomu.com\/?author=4"}]}},"_links":{"self":[{"href":"https:\/\/dlatwojegodomu.com\/index.php?rest_route=\/wp\/v2\/posts\/569","targetHints":{"allow":["GET"]}}],"collection":[{"href":"https:\/\/dlatwojegodomu.com\/index.php?rest_route=\/wp\/v2\/posts"}],"about":[{"href":"https:\/\/dlatwojegodomu.com\/index.php?rest_route=\/wp\/v2\/types\/post"}],"author":[{"embeddable":true,"href":"https:\/\/dlatwojegodomu.com\/index.php?rest_route=\/wp\/v2\/users\/4"}],"replies":[{"embeddable":true,"href":"https:\/\/dlatwojegodomu.com\/index.php?rest_route=%2Fwp%2Fv2%2Fcomments&post=569"}],"version-history":[{"count":2,"href":"https:\/\/dlatwojegodomu.com\/index.php?rest_route=\/wp\/v2\/posts\/569\/revisions"}],"predecessor-version":[{"id":576,"href":"https:\/\/dlatwojegodomu.com\/index.php?rest_route=\/wp\/v2\/posts\/569\/revisions\/576"}],"wp:featuredmedia":[{"embeddable":true,"href":"https:\/\/dlatwojegodomu.com\/index.php?rest_route=\/wp\/v2\/media\/565"}],"wp:attachment":[{"href":"https:\/\/dlatwojegodomu.com\/index.php?rest_route=%2Fwp%2Fv2%2Fmedia&parent=569"}],"wp:term":[{"taxonomy":"category","embeddable":true,"href":"https:\/\/dlatwojegodomu.com\/index.php?rest_route=%2Fwp%2Fv2%2Fcategories&post=569"},{"taxonomy":"post_tag","embeddable":true,"href":"https:\/\/dlatwojegodomu.com\/index.php?rest_route=%2Fwp%2Fv2%2Ftags&post=569"}],"curies":[{"name":"wp","href":"https:\/\/api.w.org\/{rel}","templated":true}]}}